{"id":1550,"date":"2023-01-09T13:26:41","date_gmt":"2023-01-09T12:26:41","guid":{"rendered":"https:\/\/www.ramatuelle-tourisme.com\/pro\/?p=1550"},"modified":"2023-01-09T13:26:41","modified_gmt":"2023-01-09T12:26:41","slug":"taxe-de-sejour-du-nouveau","status":"publish","type":"post","link":"https:\/\/www.ramatuelle-tourisme.com\/pro\/taxe-de-sejour-du-nouveau\/","title":{"rendered":"Taxe de s\u00e9jour, du nouveau !"},"content":{"rendered":"\n<figure class=\"wp-block-image size-full\"><img loading=\"lazy\" decoding=\"async\" width=\"302\" height=\"167\" src=\"https:\/\/www.ramatuelle-tourisme.com\/pro\/wp-content\/uploads\/2023\/01\/image.png\" alt=\"\" class=\"wp-image-1551\" srcset=\"https:\/\/www.ramatuelle-tourisme.com\/pro\/wp-content\/uploads\/2023\/01\/image.png 302w, https:\/\/www.ramatuelle-tourisme.com\/pro\/wp-content\/uploads\/2023\/01\/image-300x166.png 300w\" sizes=\"auto, (max-width: 302px) 85vw, 302px\" \/><\/figure>\n\n\n\n<p><strong>En 2023 la Taxe de S\u00e9jour \u00e9volue<\/strong>.<\/p>\n\n\n\n<p>Depuis le 1<sup>er<\/sup> janvier 2023, la taxe de S\u00e9jour dans le Var, comme dans le 06 et le 13, est soumise \u00e0 une nouvelle taxe additionnelle r\u00e9gionale de 34 %.<\/p>\n\n\n\n<p>D\u00e9cid\u00e9e par l\u2019Etat, cette taxe additionnelle a pour vocation de financer la nouvelle ligne de TGV Provence C\u00f4te d\u2019Azur.<\/p>\n\n\n\n<p>Le tarif de la part communale n\u2019a pas chang\u00e9, ni la taxe additionnelle d\u00e9partementale (10 %), cependant, cette nouvelle taxe r\u00e9gionale impacte fortement le tarif total de la taxe de s\u00e9jour sur notre territoire.<\/p>\n\n\n\n<p>Nous vous invitons \u00e0 retrouver tous les d\u00e9tails et la grille des tarifs 2023 sur le site de la commune\u00a0<a href=\"https:\/\/www.ramatuelle.fr\/taxe-de-sejour\/\">https:\/\/www.ramatuelle.fr\/taxe-de-sejour\/<\/a> :<\/p>\n\n\n\n<figure class=\"wp-block-embed is-type-wp-embed is-provider-ramatuelle wp-block-embed-ramatuelle\"><div class=\"wp-block-embed__wrapper\">\n<blockquote class=\"wp-embedded-content\" data-secret=\"wyCAZoz9Wz\"><a href=\"https:\/\/www.ramatuelle.fr\/taxe-de-sejour\/\">Taxe de s\u00e9jour<\/a><\/blockquote><iframe loading=\"lazy\" class=\"wp-embedded-content\" sandbox=\"allow-scripts\" security=\"restricted\" style=\"position: absolute; clip: rect(1px, 1px, 1px, 1px);\" title=\"\u00ab\u00a0Taxe de s\u00e9jour\u00a0\u00bb &#8212; Ramatuelle\" src=\"https:\/\/www.ramatuelle.fr\/taxe-de-sejour\/embed\/#?secret=rUC4aIH4VA#?secret=wyCAZoz9Wz\" data-secret=\"wyCAZoz9Wz\" width=\"600\" height=\"338\" frameborder=\"0\" marginwidth=\"0\" marginheight=\"0\" scrolling=\"no\"><\/iframe>\n<\/div><\/figure>\n\n\n\n<p>Et pour toute information, \u00e0 contacter le service municipal d\u00e9di\u00e9\u00a0au 04 98 11 03 87\u00a0; ou par mail\u00a0:\u00a0<a rel=\"noreferrer noopener\" href=\"mailto:taxesejour@mairie-ramatuelle.fr\" target=\"_blank\">taxesejour@mairie-ramatuelle.fr<\/a><a href=\"javascript:void(0);\"><\/a><\/p>\n\n\n\n<p>Nous nous tenons \u00e9galement \u00e0 votre disposition pour toute information.<\/p>\n","protected":false},"excerpt":{"rendered":"<p>En 2023 la Taxe de S\u00e9jour \u00e9volue. Depuis le 1er janvier 2023, la taxe de S\u00e9jour dans le Var, comme dans le 06 et le 13, est soumise \u00e0 une nouvelle taxe additionnelle r\u00e9gionale de 34 %. D\u00e9cid\u00e9e par l\u2019Etat, cette taxe additionnelle a pour vocation de financer la nouvelle ligne de TGV Provence C\u00f4te &hellip; <a href=\"https:\/\/www.ramatuelle-tourisme.com\/pro\/taxe-de-sejour-du-nouveau\/\" class=\"more-link\">Continuer la lecture<span class=\"screen-reader-text\"> de &laquo;&nbsp;Taxe de s\u00e9jour, du nouveau !&nbsp;&raquo;<\/span><\/a><\/p>\n","protected":false},"author":1,"featured_media":0,"comment_status":"open","ping_status":"open","sticky":false,"template":"","format":"standard","meta":{"footnotes":""},"categories":[1],"tags":[],"class_list":["post-1550","post","type-post","status-publish","format-standard","hentry","category-non-classe"],"_links":{"self":[{"href":"https:\/\/www.ramatuelle-tourisme.com\/pro\/wp-json\/wp\/v2\/posts\/1550","targetHints":{"allow":["GET"]}}],"collection":[{"href":"https:\/\/www.ramatuelle-tourisme.com\/pro\/wp-json\/wp\/v2\/posts"}],"about":[{"href":"https:\/\/www.ramatuelle-tourisme.com\/pro\/wp-json\/wp\/v2\/types\/post"}],"author":[{"embeddable":true,"href":"https:\/\/www.ramatuelle-tourisme.com\/pro\/wp-json\/wp\/v2\/users\/1"}],"replies":[{"embeddable":true,"href":"https:\/\/www.ramatuelle-tourisme.com\/pro\/wp-json\/wp\/v2\/comments?post=1550"}],"version-history":[{"count":1,"href":"https:\/\/www.ramatuelle-tourisme.com\/pro\/wp-json\/wp\/v2\/posts\/1550\/revisions"}],"predecessor-version":[{"id":1552,"href":"https:\/\/www.ramatuelle-tourisme.com\/pro\/wp-json\/wp\/v2\/posts\/1550\/revisions\/1552"}],"wp:attachment":[{"href":"https:\/\/www.ramatuelle-tourisme.com\/pro\/wp-json\/wp\/v2\/media?parent=1550"}],"wp:term":[{"taxonomy":"category","embeddable":true,"href":"https:\/\/www.ramatuelle-tourisme.com\/pro\/wp-json\/wp\/v2\/categories?post=1550"},{"taxonomy":"post_tag","embeddable":true,"href":"https:\/\/www.ramatuelle-tourisme.com\/pro\/wp-json\/wp\/v2\/tags?post=1550"}],"curies":[{"name":"wp","href":"https:\/\/api.w.org\/{rel}","templated":true}]}}