{"id":1537,"date":"2022-07-11T11:36:07","date_gmt":"2022-07-11T09:36:07","guid":{"rendered":"https:\/\/www.ramatuelle-tourisme.com\/pro\/?p=1537"},"modified":"2022-07-11T11:36:07","modified_gmt":"2022-07-11T09:36:07","slug":"feux-du-14-juillet","status":"publish","type":"post","link":"https:\/\/www.ramatuelle-tourisme.com\/pro\/feux-du-14-juillet\/","title":{"rendered":"Feux du 14 juillet"},"content":{"rendered":"\n<p>Veuillez trouver ci-dessous le programme d\u00e9taill\u00e9 <strong>des festivit\u00e9s du 14 juillet dans le Golfe de Saint-Tropez<\/strong><\/p>\n\n\n\n<p>A Ramatuelle, un feu d&rsquo;artifice sera tir\u00e9 le 13 au soir face au Kon Tiki et un bal se tiendra Place de l&rsquo;Ormeau le 14 juillet avec l&rsquo;orchestre \u00ab\u00a0objets trouv\u00e9s\u00a0\u00bb  ; <strong>d\u00e8s 19h, ambiance musicale et de 21h \u00e0 23h30 bal <\/strong><\/p>\n\n\n\n<p><a href=\"https:\/\/www.ramatuelle-tourisme.com\/pro\/wp-content\/uploads\/2022\/07\/Feux-14-juillet-2022.pdf\" target=\"_blank\" rel=\"noreferrer noopener\">Consultez le programme d\u00e9taill\u00e9<\/a> <\/p>\n\n\n\n<figure class=\"wp-block-image size-large\"><img loading=\"lazy\" decoding=\"async\" width=\"724\" height=\"1024\" src=\"https:\/\/www.ramatuelle-tourisme.com\/pro\/wp-content\/uploads\/2022\/07\/13-Bal-du-14-juillet-724x1024.jpg\" alt=\"\" class=\"wp-image-1538\" srcset=\"https:\/\/www.ramatuelle-tourisme.com\/pro\/wp-content\/uploads\/2022\/07\/13-Bal-du-14-juillet-724x1024.jpg 724w, https:\/\/www.ramatuelle-tourisme.com\/pro\/wp-content\/uploads\/2022\/07\/13-Bal-du-14-juillet-212x300.jpg 212w, https:\/\/www.ramatuelle-tourisme.com\/pro\/wp-content\/uploads\/2022\/07\/13-Bal-du-14-juillet-768x1086.jpg 768w, https:\/\/www.ramatuelle-tourisme.com\/pro\/wp-content\/uploads\/2022\/07\/13-Bal-du-14-juillet-1086x1536.jpg 1086w, https:\/\/www.ramatuelle-tourisme.com\/pro\/wp-content\/uploads\/2022\/07\/13-Bal-du-14-juillet-1200x1697.jpg 1200w, https:\/\/www.ramatuelle-tourisme.com\/pro\/wp-content\/uploads\/2022\/07\/13-Bal-du-14-juillet.jpg 1240w\" sizes=\"auto, (max-width: 709px) 85vw, (max-width: 909px) 67vw, (max-width: 984px) 61vw, (max-width: 1362px) 45vw, 600px\" \/><\/figure>\n","protected":false},"excerpt":{"rendered":"<p>Veuillez trouver ci-dessous le programme d\u00e9taill\u00e9 des festivit\u00e9s du 14 juillet dans le Golfe de Saint-Tropez A Ramatuelle, un feu d&rsquo;artifice sera tir\u00e9 le 13 au soir face au Kon Tiki et un bal se tiendra Place de l&rsquo;Ormeau le 14 juillet avec l&rsquo;orchestre \u00ab\u00a0objets trouv\u00e9s\u00a0\u00bb ; d\u00e8s 19h, ambiance musicale et de 21h \u00e0 &hellip; <a href=\"https:\/\/www.ramatuelle-tourisme.com\/pro\/feux-du-14-juillet\/\" class=\"more-link\">Continuer la lecture<span class=\"screen-reader-text\"> de &laquo;&nbsp;Feux du 14 juillet&nbsp;&raquo;<\/span><\/a><\/p>\n","protected":false},"author":1,"featured_media":0,"comment_status":"open","ping_status":"open","sticky":false,"template":"","format":"standard","meta":{"footnotes":""},"categories":[1],"tags":[],"class_list":["post-1537","post","type-post","status-publish","format-standard","hentry","category-non-classe"],"_links":{"self":[{"href":"https:\/\/www.ramatuelle-tourisme.com\/pro\/wp-json\/wp\/v2\/posts\/1537","targetHints":{"allow":["GET"]}}],"collection":[{"href":"https:\/\/www.ramatuelle-tourisme.com\/pro\/wp-json\/wp\/v2\/posts"}],"about":[{"href":"https:\/\/www.ramatuelle-tourisme.com\/pro\/wp-json\/wp\/v2\/types\/post"}],"author":[{"embeddable":true,"href":"https:\/\/www.ramatuelle-tourisme.com\/pro\/wp-json\/wp\/v2\/users\/1"}],"replies":[{"embeddable":true,"href":"https:\/\/www.ramatuelle-tourisme.com\/pro\/wp-json\/wp\/v2\/comments?post=1537"}],"version-history":[{"count":1,"href":"https:\/\/www.ramatuelle-tourisme.com\/pro\/wp-json\/wp\/v2\/posts\/1537\/revisions"}],"predecessor-version":[{"id":1540,"href":"https:\/\/www.ramatuelle-tourisme.com\/pro\/wp-json\/wp\/v2\/posts\/1537\/revisions\/1540"}],"wp:attachment":[{"href":"https:\/\/www.ramatuelle-tourisme.com\/pro\/wp-json\/wp\/v2\/media?parent=1537"}],"wp:term":[{"taxonomy":"category","embeddable":true,"href":"https:\/\/www.ramatuelle-tourisme.com\/pro\/wp-json\/wp\/v2\/categories?post=1537"},{"taxonomy":"post_tag","embeddable":true,"href":"https:\/\/www.ramatuelle-tourisme.com\/pro\/wp-json\/wp\/v2\/tags?post=1537"}],"curies":[{"name":"wp","href":"https:\/\/api.w.org\/{rel}","templated":true}]}}