{"id":1407,"date":"2021-08-12T13:05:45","date_gmt":"2021-08-12T11:05:45","guid":{"rendered":"https:\/\/www.ramatuelle-tourisme.com\/pro\/?p=1407"},"modified":"2021-08-12T13:05:45","modified_gmt":"2021-08-12T11:05:45","slug":"festivites-du-15-aout","status":"publish","type":"post","link":"https:\/\/www.ramatuelle-tourisme.com\/pro\/festivites-du-15-aout\/","title":{"rendered":"Festivit\u00e9s du 15 ao\u00fbt"},"content":{"rendered":"\n<p class=\"has-dark-brown-color has-text-color\">Vous trouverez ci-dessous toutes les festivit\u00e9s pr\u00e9vues ce week-end et notamment les<strong> feux d&rsquo;artifices qui seront tir\u00e9s le 15 ao\u00fbt au soir : <\/strong><\/p>\n\n\n\n<ul class=\"wp-block-list\"><li><strong>\u00e0 Ramatuelle \u00e0 22h30<\/strong><ul><li>\u00e0 Cavalaire \u00e0 22h30<\/li><li>\u00e0 Sainte Maxime \u00e0 22h30<\/li><li>au Rayol Canadel \u00e0 22h<\/li><li>et \u00e0 Port Grimaud \u00e0 22h30<strong>.<\/strong><\/li><\/ul><\/li><\/ul>\n\n\n\n<p class=\"has-medium-brown-color has-text-color\" style=\"font-size:28px\"><strong>T\u00e9l\u00e9chargez l&rsquo;affiche <\/strong><a href=\"https:\/\/www.ramatuelle-tourisme.com\/pro\/wp-content\/uploads\/2021\/08\/1-scaled.jpg\" target=\"_blank\" rel=\"noreferrer noopener\">ici<\/a><\/p>\n\n\n\n<figure class=\"wp-block-image size-large\"><img loading=\"lazy\" decoding=\"async\" width=\"724\" height=\"1024\" src=\"https:\/\/www.ramatuelle-tourisme.com\/pro\/wp-content\/uploads\/2021\/08\/1-724x1024.jpg\" alt=\"\" class=\"wp-image-1408\" srcset=\"https:\/\/www.ramatuelle-tourisme.com\/pro\/wp-content\/uploads\/2021\/08\/1-724x1024.jpg 724w, https:\/\/www.ramatuelle-tourisme.com\/pro\/wp-content\/uploads\/2021\/08\/1-212x300.jpg 212w, https:\/\/www.ramatuelle-tourisme.com\/pro\/wp-content\/uploads\/2021\/08\/1-768x1086.jpg 768w, https:\/\/www.ramatuelle-tourisme.com\/pro\/wp-content\/uploads\/2021\/08\/1-1086x1536.jpg 1086w, https:\/\/www.ramatuelle-tourisme.com\/pro\/wp-content\/uploads\/2021\/08\/1-1448x2048.jpg 1448w, https:\/\/www.ramatuelle-tourisme.com\/pro\/wp-content\/uploads\/2021\/08\/1-1200x1697.jpg 1200w, https:\/\/www.ramatuelle-tourisme.com\/pro\/wp-content\/uploads\/2021\/08\/1-scaled.jpg 1810w\" sizes=\"auto, (max-width: 709px) 85vw, (max-width: 909px) 67vw, (max-width: 984px) 61vw, (max-width: 1362px) 45vw, 600px\" \/><\/figure>\n","protected":false},"excerpt":{"rendered":"<p>Vous trouverez ci-dessous toutes les festivit\u00e9s pr\u00e9vues ce week-end et notamment les feux d&rsquo;artifices qui seront tir\u00e9s le 15 ao\u00fbt au soir : \u00e0 Ramatuelle \u00e0 22h30 \u00e0 Cavalaire \u00e0 22h30 \u00e0 Sainte Maxime \u00e0 22h30 au Rayol Canadel \u00e0 22h et \u00e0 Port Grimaud \u00e0 22h30. T\u00e9l\u00e9chargez l&rsquo;affiche ici<\/p>\n","protected":false},"author":1,"featured_media":0,"comment_status":"open","ping_status":"open","sticky":false,"template":"","format":"standard","meta":{"footnotes":""},"categories":[1],"tags":[],"class_list":["post-1407","post","type-post","status-publish","format-standard","hentry","category-non-classe"],"_links":{"self":[{"href":"https:\/\/www.ramatuelle-tourisme.com\/pro\/wp-json\/wp\/v2\/posts\/1407","targetHints":{"allow":["GET"]}}],"collection":[{"href":"https:\/\/www.ramatuelle-tourisme.com\/pro\/wp-json\/wp\/v2\/posts"}],"about":[{"href":"https:\/\/www.ramatuelle-tourisme.com\/pro\/wp-json\/wp\/v2\/types\/post"}],"author":[{"embeddable":true,"href":"https:\/\/www.ramatuelle-tourisme.com\/pro\/wp-json\/wp\/v2\/users\/1"}],"replies":[{"embeddable":true,"href":"https:\/\/www.ramatuelle-tourisme.com\/pro\/wp-json\/wp\/v2\/comments?post=1407"}],"version-history":[{"count":1,"href":"https:\/\/www.ramatuelle-tourisme.com\/pro\/wp-json\/wp\/v2\/posts\/1407\/revisions"}],"predecessor-version":[{"id":1409,"href":"https:\/\/www.ramatuelle-tourisme.com\/pro\/wp-json\/wp\/v2\/posts\/1407\/revisions\/1409"}],"wp:attachment":[{"href":"https:\/\/www.ramatuelle-tourisme.com\/pro\/wp-json\/wp\/v2\/media?parent=1407"}],"wp:term":[{"taxonomy":"category","embeddable":true,"href":"https:\/\/www.ramatuelle-tourisme.com\/pro\/wp-json\/wp\/v2\/categories?post=1407"},{"taxonomy":"post_tag","embeddable":true,"href":"https:\/\/www.ramatuelle-tourisme.com\/pro\/wp-json\/wp\/v2\/tags?post=1407"}],"curies":[{"name":"wp","href":"https:\/\/api.w.org\/{rel}","templated":true}]}}