{"id":1236,"date":"2020-06-04T11:02:14","date_gmt":"2020-06-04T09:02:14","guid":{"rendered":"https:\/\/www.ramatuelle-tourisme.com\/pro\/?p=1236"},"modified":"2020-06-04T11:02:14","modified_gmt":"2020-06-04T09:02:14","slug":"boostez-vos-reservations-onatousbesoindusud","status":"publish","type":"post","link":"https:\/\/www.ramatuelle-tourisme.com\/pro\/boostez-vos-reservations-onatousbesoindusud\/","title":{"rendered":"Boostez vos r\u00e9servations ! #onatousbesoindusud"},"content":{"rendered":"\n<figure class=\"wp-block-image size-large is-resized\"><img loading=\"lazy\" decoding=\"async\" src=\"https:\/\/www.ramatuelle-tourisme.com\/pro\/wp-content\/uploads\/2020\/06\/onatousbesoindusud-00-1920x780-1-1920x780-1-1024x416.jpg\" alt=\"\" class=\"wp-image-1238\" width=\"602\" height=\"245\" srcset=\"https:\/\/www.ramatuelle-tourisme.com\/pro\/wp-content\/uploads\/2020\/06\/onatousbesoindusud-00-1920x780-1-1920x780-1-1024x416.jpg 1024w, https:\/\/www.ramatuelle-tourisme.com\/pro\/wp-content\/uploads\/2020\/06\/onatousbesoindusud-00-1920x780-1-1920x780-1-300x122.jpg 300w, https:\/\/www.ramatuelle-tourisme.com\/pro\/wp-content\/uploads\/2020\/06\/onatousbesoindusud-00-1920x780-1-1920x780-1-768x312.jpg 768w, https:\/\/www.ramatuelle-tourisme.com\/pro\/wp-content\/uploads\/2020\/06\/onatousbesoindusud-00-1920x780-1-1920x780-1-1536x624.jpg 1536w, https:\/\/www.ramatuelle-tourisme.com\/pro\/wp-content\/uploads\/2020\/06\/onatousbesoindusud-00-1920x780-1-1920x780-1-1200x488.jpg 1200w, https:\/\/www.ramatuelle-tourisme.com\/pro\/wp-content\/uploads\/2020\/06\/onatousbesoindusud-00-1920x780-1-1920x780-1.jpg 1920w\" sizes=\"auto, (max-width: 709px) 85vw, (max-width: 909px) 67vw, (max-width: 984px) 61vw, (max-width: 1362px) 45vw, 600px\" \/><\/figure>\n\n\n\n<p>Cher partenaire,<\/p>\n\n\n\n<p>Une campagne de communication in\u00e9dite vient d\u2019\u00eatre lanc\u00e9e sur le march\u00e9 fran\u00e7ais pour cet \u00e9t\u00e9 autour du slogan <strong>#OnaTousBesoinduSud<\/strong>. <\/p>\n\n\n\n<p>Elle est conduite par le<strong> CRT Provence-Alpes-C\u00f4te d\u2019Azur <\/strong>avec l\u2019appui d\u2019<strong>Atout France<\/strong>, en partenariat avec la <strong>R\u00e9gion Sud<\/strong>, le <strong>Conseil D\u00e9partemental du Var<\/strong>, <strong>les agences d\u00e9partementales 04\/05\/83\/84\/CRT06 C\u00f4te d\u2019Azur France,<\/strong> les <strong>offices de tourisme d\u2019Aix-en-Provence et d\u2019Antibes-Juan les Pin<\/strong>, les <strong>offices de tourisme m\u00e9tropolitains de Nice C\u00f4te d\u2019Azur et de Toulon Provence M\u00e9diterran\u00e9e<\/strong>, ainsi que <strong>Provence C\u00f4te d\u2019Azur Events<\/strong>. <\/p>\n\n\n\n<p>Elle mobilise un budget de 2,1 millions d\u2019euros et elle se traduira en particulier par une importante campagne TV, sur un large \u00e9ventail de cha\u00eenes. Le but est de promouvoir notre belle r\u00e9gion tout en rassurant les voyageurs pour leur prochain voyage et en les incitant \u00e0 r\u00e9server leur s\u00e9jour.<\/p>\n\n\n\n<p><\/p>\n\n\n\n<p>A cet effet, le dispositif de communication mis en \u0153uvre int\u00e8gre une campagne digitale sur le site <a rel=\"noreferrer noopener\" href=\"http:\/\/q92v.mjt.lu\/lnk\/AUUAAAJnc_IAActYL3AAAABchwgAAYCq0XAAJF8QAApKFgBe15socK99XfNpQ4WdxCJOe3TfAwAJ6y4\/3\/A9-klcFmZhSGtZ2D5fXLFQ\/aHR0cDovL2hvdGVscy5jb20\" target=\"_blank\"><strong>Hotels.com<\/strong><\/a> France, afin de stimuler les ventes de s\u00e9jours. Cet op\u00e9rateur du groupe Expedia est partenaire de l\u2019op\u00e9ration et proposera des coupons de r\u00e9duction de 10% aux clients qui r\u00e9servent dans notre r\u00e9gion. <\/p>\n\n\n\n<p><strong>Ce volet de la campagne de relance se d\u00e9roulera en juin et juillet, afin de booster les ventes de juin \u00e0 septembre.<\/strong><\/p>\n\n\n\n<p><\/p>\n\n\n\n<p class=\"has-text-color has-bright-blue-color\">Nous vous proposons d&rsquo;adh\u00e9rer \u00e0 cette campagne <strong>#OnaTousBesoinduSud<\/strong>.\u00a0<\/p>\n\n\n\n<p><strong>Hotels.com<\/strong> vous propose de choisir parmi l\u2019une des propositions suivantes\u00a0:\u00a0<\/p>\n\n\n\n<ul class=\"wp-block-list\"><li>Flexibilit\u00e9 des conditions d\u2019annulations \u00e0 24 ou 48h<\/li><li>Une offre de 10% adapt\u00e9e \u00e0 votre situation avec minimum de s\u00e9jour (p\u00e9riode juin-septembre, dates d&rsquo;exclusion possibles)<\/li><\/ul>\n\n\n\n<p><strong>Les \u00e9tablissements h\u00f4teliers participant \u00e0 l&rsquo;une des deux options ci-dessus seront valoris\u00e9s sur les pages d\u00e9di\u00e9es de la campagne<\/strong>, profitant ainsi d\u2019une plus grande visibilit\u00e9 pendant cette p\u00e9riode.<\/p>\n\n\n\n<p class=\"has-text-align-center\"><a rel=\"noreferrer noopener\" href=\"https:\/\/docs.google.com\/forms\/d\/e\/1FAIpQLSeOa_K4Tz9kgelUa5sn1tSNetTr9H3iDs8T6m3O6y1NmOKd-Q\/viewform?vc=0&amp;c=0&amp;w=1\" target=\"_blank\"><strong>Je participe <\/strong><\/a><\/p>\n\n\n\n<div class=\"wp-block-image\"><figure class=\"aligncenter size-large\"><img loading=\"lazy\" decoding=\"async\" width=\"600\" height=\"300\" src=\"https:\/\/www.ramatuelle-tourisme.com\/pro\/wp-content\/uploads\/2020\/06\/g1rjk.jpeg\" alt=\"\" class=\"wp-image-1237\" srcset=\"https:\/\/www.ramatuelle-tourisme.com\/pro\/wp-content\/uploads\/2020\/06\/g1rjk.jpeg 600w, https:\/\/www.ramatuelle-tourisme.com\/pro\/wp-content\/uploads\/2020\/06\/g1rjk-300x150.jpeg 300w\" sizes=\"auto, (max-width: 709px) 85vw, (max-width: 909px) 67vw, (max-width: 984px) 61vw, (max-width: 1362px) 45vw, 600px\" \/><\/figure><\/div>\n","protected":false},"excerpt":{"rendered":"<p>Cher partenaire, Une campagne de communication in\u00e9dite vient d\u2019\u00eatre lanc\u00e9e sur le march\u00e9 fran\u00e7ais pour cet \u00e9t\u00e9 autour du slogan #OnaTousBesoinduSud. Elle est conduite par le CRT Provence-Alpes-C\u00f4te d\u2019Azur avec l\u2019appui d\u2019Atout France, en partenariat avec la R\u00e9gion Sud, le Conseil D\u00e9partemental du Var, les agences d\u00e9partementales 04\/05\/83\/84\/CRT06 C\u00f4te d\u2019Azur France, les offices de tourisme &hellip; <a href=\"https:\/\/www.ramatuelle-tourisme.com\/pro\/boostez-vos-reservations-onatousbesoindusud\/\" class=\"more-link\">Continuer la lecture<span class=\"screen-reader-text\"> de &laquo;&nbsp;Boostez vos r\u00e9servations ! #onatousbesoindusud&nbsp;&raquo;<\/span><\/a><\/p>\n","protected":false},"author":1,"featured_media":0,"comment_status":"open","ping_status":"open","sticky":false,"template":"","format":"standard","meta":{"footnotes":""},"categories":[1],"tags":[],"class_list":["post-1236","post","type-post","status-publish","format-standard","hentry","category-non-classe"],"_links":{"self":[{"href":"https:\/\/www.ramatuelle-tourisme.com\/pro\/wp-json\/wp\/v2\/posts\/1236","targetHints":{"allow":["GET"]}}],"collection":[{"href":"https:\/\/www.ramatuelle-tourisme.com\/pro\/wp-json\/wp\/v2\/posts"}],"about":[{"href":"https:\/\/www.ramatuelle-tourisme.com\/pro\/wp-json\/wp\/v2\/types\/post"}],"author":[{"embeddable":true,"href":"https:\/\/www.ramatuelle-tourisme.com\/pro\/wp-json\/wp\/v2\/users\/1"}],"replies":[{"embeddable":true,"href":"https:\/\/www.ramatuelle-tourisme.com\/pro\/wp-json\/wp\/v2\/comments?post=1236"}],"version-history":[{"count":3,"href":"https:\/\/www.ramatuelle-tourisme.com\/pro\/wp-json\/wp\/v2\/posts\/1236\/revisions"}],"predecessor-version":[{"id":1241,"href":"https:\/\/www.ramatuelle-tourisme.com\/pro\/wp-json\/wp\/v2\/posts\/1236\/revisions\/1241"}],"wp:attachment":[{"href":"https:\/\/www.ramatuelle-tourisme.com\/pro\/wp-json\/wp\/v2\/media?parent=1236"}],"wp:term":[{"taxonomy":"category","embeddable":true,"href":"https:\/\/www.ramatuelle-tourisme.com\/pro\/wp-json\/wp\/v2\/categories?post=1236"},{"taxonomy":"post_tag","embeddable":true,"href":"https:\/\/www.ramatuelle-tourisme.com\/pro\/wp-json\/wp\/v2\/tags?post=1236"}],"curies":[{"name":"wp","href":"https:\/\/api.w.org\/{rel}","templated":true}]}}